{"id":4172,"date":"2023-07-14T14:41:36","date_gmt":"2023-07-14T13:41:36","guid":{"rendered":"https:\/\/www.foietlumiere.ch\/wordpress\/?p=4172"},"modified":"2024-06-25T18:48:03","modified_gmt":"2024-06-25T17:48:03","slug":"la-caravane-est-en-marche","status":"publish","type":"post","link":"https:\/\/www.foietlumiere.ch\/wordpress\/?p=4172","title":{"rendered":"La caravane est en marche !"},"content":{"rendered":"\n<p><\/p>\n\n\n\n<figure class=\"wp-block-image\"><img loading=\"lazy\" decoding=\"async\" width=\"362\" height=\"236\" src=\"https:\/\/www.foietlumiere.ch\/wordpress\/wp-content\/uploads\/2023\/04\/Capture-decran-2023-04-16-092940-1.png\" alt=\"\" class=\"wp-image-4079\"\/><\/figure>\n\n\n\n<p><strong>La caravane a commenc\u00e9 sa marche !<\/strong><br \/><\/p>\n\n\n\n<figure class=\"wp-block-table alignfull\"><table><tbody><tr><td colspan=\"3\"><strong>P\u00e8lerinage caravane,&nbsp;&nbsp;&nbsp;&nbsp;&nbsp;&nbsp;&nbsp;&nbsp;&nbsp; p\u00e8lerinage du 50<sup>\u00e8me<\/sup> pour la Province&nbsp;&nbsp;&nbsp;&nbsp;&nbsp;&nbsp;&nbsp;&nbsp;&nbsp;&nbsp;&nbsp;&nbsp;&nbsp;&nbsp;&nbsp;&nbsp;&nbsp;&nbsp;&nbsp;&nbsp;&nbsp;&nbsp;&nbsp;&nbsp;&nbsp;&nbsp;&nbsp;&nbsp;   \u00a0\u00bb MONTS ET VALLEES SANS FRONTIERES<\/strong> <strong>&nbsp;<\/strong>\u00ab\u00a0<\/td><\/tr><tr><td colspan=\"3\">        <strong> D\u00e9part  <\/strong>                          <strong> Date de la rencontre<\/strong> <strong>&nbsp;                Vers &nbsp;<\/strong><\/td><\/tr><tr><td><strong>FRIBOURG<\/strong> Les Petites Mites &nbsp;<\/td><td><strong>21 mai 2023<\/strong>   <strong>Martigny<\/strong> &nbsp;<\/td><td><strong>MARTIGNY <\/strong>&nbsp;&nbsp;&nbsp;&nbsp;&nbsp;Grain de Ciel &nbsp;<\/td><\/tr><tr><td><strong>MARTIGNY<\/strong>   Grain de Ciel &nbsp;<\/td><td><strong>12 mars 2023<\/strong> &nbsp;<\/td><td><strong>ROLLE&nbsp; <\/strong>&nbsp;&nbsp;&nbsp;&nbsp;&nbsp;&nbsp;&nbsp;Les Coquelicots &nbsp;<\/td><\/tr><tr><td><strong>ROLLE<\/strong>&nbsp;&nbsp;&nbsp;&nbsp;&nbsp;&nbsp; Les Coquelicots &nbsp;<\/td><td><strong>7 mai 2023<\/strong> &nbsp;<\/td><td><strong>BAGNES&nbsp;&nbsp;&nbsp;&nbsp;&nbsp;&nbsp;&nbsp;&nbsp;&nbsp;&nbsp;&nbsp;&nbsp;&nbsp;&nbsp;&nbsp;&nbsp;&nbsp;&nbsp;&nbsp;&nbsp;&nbsp;&nbsp;&nbsp;&nbsp;&nbsp;&nbsp;&nbsp;&nbsp;<\/strong>     <br \/>   La  Cord\u00e9e de l\u2019Esp\u00e9rance &nbsp;  <\/td><\/tr><tr><td><strong>BAGNES<\/strong> <br \/>   La Cord\u00e9e de l\u2019Esp\u00e9rance &nbsp;<\/td><td>&nbsp;<\/td><td><strong>GENEVE <\/strong>&nbsp;&nbsp;&nbsp;&nbsp;&nbsp;&nbsp;Mille Etoiles &nbsp;<\/td><\/tr><tr><td><strong>GENEVE <\/strong>&nbsp;&nbsp;&nbsp;&nbsp;&nbsp;&nbsp;&nbsp;&nbsp;Mille Etoiles<\/td><td>&nbsp;<\/td><td><strong>SION <\/strong>&nbsp;&nbsp;&nbsp;<br \/>Notre Dame de Val\u00e8re &nbsp;<\/td><\/tr><tr><td><strong>SION <\/strong>&nbsp;&nbsp;&nbsp;Notre Dame de Val\u00e8re &nbsp;<\/td><td><strong>25 juin 2023<\/strong> <strong>Carmel P\u00e2quier<\/strong> &nbsp;<\/td><td><strong>BULLE <\/strong>&nbsp;&nbsp;&nbsp;&nbsp;&nbsp;&nbsp;&nbsp;&nbsp;&nbsp;La Colombe &nbsp;<\/td><\/tr><tr><td><strong>BULLE<\/strong>&nbsp;&nbsp;&nbsp;&nbsp;&nbsp;&nbsp;&nbsp;La Colombe &nbsp;<\/td><td><strong>26.03.2023<\/strong> <strong>Porrentruy<\/strong> &nbsp;<\/td><td><strong>ALLE<\/strong>&nbsp;&nbsp;&nbsp;&nbsp;&nbsp;&nbsp;&nbsp;&nbsp;&nbsp; Les Bourgeons &nbsp;<\/td><\/tr><tr><td><strong>ALLE <\/strong>&nbsp;&nbsp;&nbsp;&nbsp;&nbsp;&nbsp;&nbsp;&nbsp;Les Bourgeons<\/td><td><strong>23.04.2023<\/strong> &nbsp;<\/td><td><strong>D\u00d4LE<\/strong>&nbsp;&nbsp;&nbsp;&nbsp;&nbsp;&nbsp;&nbsp;&nbsp;&nbsp;&nbsp;&nbsp; Mont Roland &nbsp;<\/td><\/tr><tr><td><strong>D\u00d4LE <\/strong>&nbsp;&nbsp;&nbsp;&nbsp;&nbsp;&nbsp;&nbsp;&nbsp;&nbsp;&nbsp;Mont Roland <strong>&nbsp;<\/strong><\/td><td><strong>8 octobre 2023<\/strong> <strong>La Chaud de Fond<\/strong> &nbsp;<\/td><td><strong>NEUCH\u00c2TEL<\/strong>&nbsp;&nbsp;&nbsp;<br \/>        R\u00eave d\u2019un Monde &nbsp;<\/td><\/tr><tr><td><strong>NEUCH\u00c2TEL<\/strong><br \/>       R\u00eave d\u2019un Monde <strong>&nbsp;<\/strong><\/td><td>&nbsp;<\/td><td><strong>ROMONT <\/strong>&nbsp;&nbsp;&nbsp;&nbsp;&nbsp;&nbsp;&nbsp;&nbsp;&nbsp;La Source &nbsp;<\/td><\/tr><tr><td><strong>ROMONT<\/strong>&nbsp;&nbsp;&nbsp;&nbsp;&nbsp;&nbsp;&nbsp;&nbsp;&nbsp;&nbsp;&nbsp;&nbsp;&nbsp;&nbsp;&nbsp;&nbsp;&nbsp;&nbsp;&nbsp;&nbsp;&nbsp;&nbsp;&nbsp;&nbsp;&nbsp;&nbsp;        La Source<\/td><td><strong>25.03.2023<\/strong> <strong>Bv. P\u00e9rolles 38<\/strong> &nbsp;<\/td><td><strong>FRIBOURG<\/strong> Les Petites Mites &nbsp;<\/td><\/tr><tr><td><strong>CONSEIL PROVINCIAL<\/strong> <strong>&nbsp;<\/strong><\/td><td><strong>18 juin 2023<\/strong> <strong>Bellinzona<\/strong> &nbsp;<\/td><td><strong>LOCARNO<\/strong>&nbsp;&nbsp;&nbsp;&nbsp;&nbsp;&nbsp;&nbsp;&nbsp;&nbsp;&nbsp;&nbsp;&nbsp;&nbsp;&nbsp; Arcobaleno &nbsp;<\/td><\/tr><\/tbody><\/table><\/figure>\n\n\n\n<p><\/p>\n\n\n\n<p><\/p>\n\n\n\n<p><\/p>\n","protected":false},"excerpt":{"rendered":"<p>La caravane a commenc\u00e9 sa marche ! P\u00e8lerinage caravane,&nbsp;&nbsp;&nbsp;&nbsp;&nbsp;&nbsp;&nbsp;&nbsp;&nbsp; p\u00e8lerinage du 50\u00e8me pour la Province&nbsp;&nbsp;&nbsp;&nbsp;&nbsp;&nbsp;&nbsp;&nbsp;&nbsp;&nbsp;&nbsp;&nbsp;&nbsp;&nbsp;&nbsp;&nbsp;&nbsp;&nbsp;&nbsp;&nbsp;&nbsp;&nbsp;&nbsp;&nbsp;&nbsp;&nbsp;&nbsp;&nbsp; \u00a0\u00bb MONTS ET VALLEES SANS FRONTIERES &nbsp;\u00ab\u00a0 D\u00e9part Date de la rencontre &nbsp; Vers &nbsp; FRIBOURG Les Petites Mites &nbsp; 21 mai 2023 Martigny &nbsp; MARTIGNY &nbsp;&nbsp;&nbsp;&nbsp;&nbsp;Grain de Ciel &nbsp; MARTIGNY Grain de Ciel &nbsp; 12 mars 2023 &nbsp; ROLLE&nbsp; &nbsp;&nbsp;&nbsp;&nbsp;&nbsp;&nbsp;&nbsp;Les Coquelicots &nbsp; ROLLE&nbsp;&nbsp;&nbsp;&nbsp;&nbsp;&nbsp; Les Coquelicots &nbsp; 7 mai 2023 &nbsp; BAGNES&nbsp;&nbsp;&nbsp;&nbsp;&nbsp;&nbsp;&nbsp;&nbsp;&nbsp;&nbsp;&nbsp;&nbsp;&nbsp;&nbsp;&nbsp;&nbsp;&nbsp;&nbsp;&nbsp;&nbsp;&nbsp;&nbsp;&nbsp;&nbsp;&nbsp;&nbsp;&nbsp;&nbsp; La Cord\u00e9e de l\u2019Esp\u00e9rance &nbsp; BAGNES La Cord\u00e9e de l\u2019Esp\u00e9rance &nbsp; &nbsp; GENEVE &nbsp;&nbsp;&nbsp;&nbsp;&nbsp;&nbsp;Mille Etoiles &nbsp; GENEVE &nbsp;&nbsp;&nbsp;&nbsp;&nbsp;&nbsp;&nbsp;&nbsp;Mille Etoiles &nbsp; SION &nbsp;&nbsp;&nbsp;Notre Dame de Val\u00e8re &nbsp; SION &nbsp;&nbsp;&nbsp;Notre Dame de Val\u00e8re &nbsp; 25 juin 2023 Carmel P\u00e2quier &nbsp; BULLE &nbsp;&nbsp;&nbsp;&nbsp;&nbsp;&nbsp;&nbsp;&nbsp;&nbsp;La Colombe &nbsp; BULLE&nbsp;&nbsp;&nbsp;&nbsp;&nbsp;&nbsp;&nbsp;La Colombe &nbsp; 26.03.2023 Porrentruy &nbsp; ALLE&nbsp;&nbsp;&nbsp;&nbsp;&nbsp;&nbsp;&nbsp;&nbsp;&nbsp; Les Bourgeons &nbsp; ALLE &nbsp;&nbsp;&nbsp;&nbsp;&nbsp;&nbsp;&nbsp;&nbsp;Les Bourgeons 23.04.2023 &nbsp; D\u00d4LE&nbsp;&nbsp;&nbsp;&nbsp;&nbsp;&nbsp;&nbsp;&nbsp;&nbsp;&nbsp;&nbsp; Mont Roland &nbsp; D\u00d4LE &nbsp;&nbsp;&nbsp;&nbsp;&nbsp;&nbsp;&nbsp;&nbsp;&nbsp;&nbsp;Mont Roland &nbsp; 8 octobre 2023 La Chaud de Fond &nbsp; NEUCH\u00c2TEL&nbsp;&nbsp;&nbsp; R\u00eave d\u2019un Monde &nbsp; NEUCH\u00c2TEL R\u00eave d\u2019un Monde &nbsp; &nbsp; ROMONT &nbsp;&nbsp;&nbsp;&nbsp;&nbsp;&nbsp;&nbsp;&nbsp;&nbsp;La Source <a class=\"more-link\" href=\"https:\/\/www.foietlumiere.ch\/wordpress\/?p=4172\">Continuer la lecture <span class=\"screen-reader-text\">  La caravane est en marche !<\/span><span class=\"meta-nav\">&rarr;<\/span><\/a><\/p>\n","protected":false},"author":4,"featured_media":0,"comment_status":"closed","ping_status":"closed","sticky":false,"template":"","format":"standard","meta":{"footnotes":""},"categories":[36],"tags":[],"class_list":["post-4172","post","type-post","status-publish","format-standard","hentry","category-pele-caravane"],"_links":{"self":[{"href":"https:\/\/www.foietlumiere.ch\/wordpress\/index.php?rest_route=\/wp\/v2\/posts\/4172","targetHints":{"allow":["GET"]}}],"collection":[{"href":"https:\/\/www.foietlumiere.ch\/wordpress\/index.php?rest_route=\/wp\/v2\/posts"}],"about":[{"href":"https:\/\/www.foietlumiere.ch\/wordpress\/index.php?rest_route=\/wp\/v2\/types\/post"}],"author":[{"embeddable":true,"href":"https:\/\/www.foietlumiere.ch\/wordpress\/index.php?rest_route=\/wp\/v2\/users\/4"}],"replies":[{"embeddable":true,"href":"https:\/\/www.foietlumiere.ch\/wordpress\/index.php?rest_route=%2Fwp%2Fv2%2Fcomments&post=4172"}],"version-history":[{"count":8,"href":"https:\/\/www.foietlumiere.ch\/wordpress\/index.php?rest_route=\/wp\/v2\/posts\/4172\/revisions"}],"predecessor-version":[{"id":4548,"href":"https:\/\/www.foietlumiere.ch\/wordpress\/index.php?rest_route=\/wp\/v2\/posts\/4172\/revisions\/4548"}],"wp:attachment":[{"href":"https:\/\/www.foietlumiere.ch\/wordpress\/index.php?rest_route=%2Fwp%2Fv2%2Fmedia&parent=4172"}],"wp:term":[{"taxonomy":"category","embeddable":true,"href":"https:\/\/www.foietlumiere.ch\/wordpress\/index.php?rest_route=%2Fwp%2Fv2%2Fcategories&post=4172"},{"taxonomy":"post_tag","embeddable":true,"href":"https:\/\/www.foietlumiere.ch\/wordpress\/index.php?rest_route=%2Fwp%2Fv2%2Ftags&post=4172"}],"curies":[{"name":"wp","href":"https:\/\/api.w.org\/{rel}","templated":true}]}}